{"id":6380,"date":"2025-09-09T08:34:16","date_gmt":"2025-09-09T07:34:16","guid":{"rendered":"https:\/\/point-f.ch\/dre-lucie-zbinden\/"},"modified":"2026-02-13T12:09:15","modified_gmt":"2026-02-13T11:09:15","slug":"dre-lucie-zbinden","status":"publish","type":"post","link":"https:\/\/point-f.ch\/pt-pt\/dre-lucie-zbinden\/","title":{"rendered":"Dra. Lucie Zbinden"},"content":{"rendered":"<p>Depois dos seus estudos nas universidades de Friburgo e Berna, a Doutora Lucie Zbinden realizou a sua forma\u00e7\u00e3o em Ginecologia e Obstetr\u00edcia entre Friburgo, Soleura e Berna.<\/p>\n<p>Com uma abordagem emp\u00e1tica e atenciosa, ela tem como objetivo acompanhar cada paciente em suas diferentes etapas da vida, aliando rigor m\u00e9dico e humanidade para responder da melhor forma \u00e0s suas necessidades.<\/p>\n","protected":false},"excerpt":{"rendered":"<p>Depois dos seus estudos nas universidades de Friburgo e Berna, a Doutora Lucie Zbinden realizou a sua forma\u00e7\u00e3o em Ginecologia e Obstetr\u00edcia entre Friburgo, Soleura e Berna. Com uma abordagem emp\u00e1tica e atenciosa, ela tem como objetivo acompanhar cada paciente em suas diferentes etapas da vida, aliando rigor m\u00e9dico e humanidade para responder da melhor [&hellip;]<\/p>\n","protected":false},"author":4,"featured_media":6836,"comment_status":"closed","ping_status":"closed","sticky":false,"template":"","format":"standard","meta":{"_acf_changed":false,"_uag_custom_page_level_css":"","_monsterinsights_skip_tracking":false,"_monsterinsights_sitenote_active":false,"_monsterinsights_sitenote_note":"","_monsterinsights_sitenote_category":0,"footnotes":""},"categories":[87,89],"tags":[],"class_list":["post-6380","post","type-post","status-publish","format-standard","has-post-thumbnail","hentry","category-equipa","category-medicos"],"acf":[],"yoast_head":"<!-- This site is optimized with the Yoast SEO plugin v27.5 - https:\/\/yoast.com\/product\/yoast-seo-wordpress\/ -->\n<title>Dra. Lucie Zbinden | point f<\/title>\n<meta name=\"description\" content=\"Dra. Lucie Zbinden, m\u00e9dica ginecologista e obstetra no point f | Centro M\u00e9dico Feminino em Friburgo\" \/>\n<meta name=\"robots\" content=\"index, follow, max-snippet:-1, max-image-preview:large, max-video-preview:-1\" \/>\n<link rel=\"canonical\" href=\"https:\/\/point-f.ch\/pt-pt\/dre-lucie-zbinden\/\" \/>\n<meta property=\"og:locale\" content=\"pt_PT\" \/>\n<meta property=\"og:type\" content=\"article\" \/>\n<meta property=\"og:title\" content=\"Dra. Lucie Zbinden | point f\" \/>\n<meta property=\"og:description\" content=\"Dra. Lucie Zbinden, m\u00e9dica ginecologista e obstetra no point f | Centro M\u00e9dico Feminino em Friburgo\" \/>\n<meta property=\"og:url\" content=\"https:\/\/point-f.ch\/pt-pt\/dre-lucie-zbinden\/\" \/>\n<meta property=\"og:site_name\" content=\"point f\" \/>\n<meta property=\"article:publisher\" content=\"https:\/\/www.facebook.com\/profile.php?id=100090476978041\" \/>\n<meta property=\"article:published_time\" content=\"2025-09-09T07:34:16+00:00\" \/>\n<meta property=\"article:modified_time\" content=\"2026-02-13T11:09:15+00:00\" \/>\n<meta property=\"og:image\" content=\"https:\/\/point-f.ch\/wp-content\/uploads\/2026\/01\/Lucie.jpeg\" \/>\n\t<meta property=\"og:image:width\" content=\"1024\" \/>\n\t<meta property=\"og:image:height\" content=\"1024\" \/>\n\t<meta property=\"og:image:type\" content=\"image\/jpeg\" \/>\n<meta name=\"author\" content=\"Carole\" \/>\n<meta name=\"twitter:card\" content=\"summary_large_image\" \/>\n<meta name=\"twitter:label1\" content=\"Escrito por\" \/>\n\t<meta name=\"twitter:data1\" content=\"Carole\" \/>\n<script type=\"application\/ld+json\" class=\"yoast-schema-graph\">{\"@context\":\"https:\\\/\\\/schema.org\",\"@graph\":[{\"@type\":\"Article\",\"@id\":\"https:\\\/\\\/point-f.ch\\\/pt-pt\\\/dre-lucie-zbinden\\\/#article\",\"isPartOf\":{\"@id\":\"https:\\\/\\\/point-f.ch\\\/pt-pt\\\/dre-lucie-zbinden\\\/\"},\"author\":{\"name\":\"Carole\",\"@id\":\"https:\\\/\\\/point-f.ch\\\/pt-pt\\\/#\\\/schema\\\/person\\\/279e1f7e9c2d3697cb0462003e51b090\"},\"headline\":\"Dra. Lucie Zbinden\",\"datePublished\":\"2025-09-09T07:34:16+00:00\",\"dateModified\":\"2026-02-13T11:09:15+00:00\",\"mainEntityOfPage\":{\"@id\":\"https:\\\/\\\/point-f.ch\\\/pt-pt\\\/dre-lucie-zbinden\\\/\"},\"wordCount\":66,\"publisher\":{\"@id\":\"https:\\\/\\\/point-f.ch\\\/pt-pt\\\/#organization\"},\"image\":{\"@id\":\"https:\\\/\\\/point-f.ch\\\/pt-pt\\\/dre-lucie-zbinden\\\/#primaryimage\"},\"thumbnailUrl\":\"https:\\\/\\\/point-f.ch\\\/wp-content\\\/uploads\\\/2026\\\/01\\\/Lucie.jpeg\",\"articleSection\":[\"Equipa\",\"M\u00e9dicos\"],\"inLanguage\":\"pt-PT\"},{\"@type\":\"WebPage\",\"@id\":\"https:\\\/\\\/point-f.ch\\\/pt-pt\\\/dre-lucie-zbinden\\\/\",\"url\":\"https:\\\/\\\/point-f.ch\\\/pt-pt\\\/dre-lucie-zbinden\\\/\",\"name\":\"Dra. Lucie Zbinden | point f\",\"isPartOf\":{\"@id\":\"https:\\\/\\\/point-f.ch\\\/pt-pt\\\/#website\"},\"primaryImageOfPage\":{\"@id\":\"https:\\\/\\\/point-f.ch\\\/pt-pt\\\/dre-lucie-zbinden\\\/#primaryimage\"},\"image\":{\"@id\":\"https:\\\/\\\/point-f.ch\\\/pt-pt\\\/dre-lucie-zbinden\\\/#primaryimage\"},\"thumbnailUrl\":\"https:\\\/\\\/point-f.ch\\\/wp-content\\\/uploads\\\/2026\\\/01\\\/Lucie.jpeg\",\"datePublished\":\"2025-09-09T07:34:16+00:00\",\"dateModified\":\"2026-02-13T11:09:15+00:00\",\"description\":\"Dra. Lucie Zbinden, m\u00e9dica ginecologista e obstetra no point f | Centro M\u00e9dico Feminino em Friburgo\",\"breadcrumb\":{\"@id\":\"https:\\\/\\\/point-f.ch\\\/pt-pt\\\/dre-lucie-zbinden\\\/#breadcrumb\"},\"inLanguage\":\"pt-PT\",\"potentialAction\":[{\"@type\":\"ReadAction\",\"target\":[\"https:\\\/\\\/point-f.ch\\\/pt-pt\\\/dre-lucie-zbinden\\\/\"]}]},{\"@type\":\"ImageObject\",\"inLanguage\":\"pt-PT\",\"@id\":\"https:\\\/\\\/point-f.ch\\\/pt-pt\\\/dre-lucie-zbinden\\\/#primaryimage\",\"url\":\"https:\\\/\\\/point-f.ch\\\/wp-content\\\/uploads\\\/2026\\\/01\\\/Lucie.jpeg\",\"contentUrl\":\"https:\\\/\\\/point-f.ch\\\/wp-content\\\/uploads\\\/2026\\\/01\\\/Lucie.jpeg\",\"width\":1024,\"height\":1024,\"caption\":\"Dre Lucie Zbinden - point f - Fribourg\"},{\"@type\":\"BreadcrumbList\",\"@id\":\"https:\\\/\\\/point-f.ch\\\/pt-pt\\\/dre-lucie-zbinden\\\/#breadcrumb\",\"itemListElement\":[{\"@type\":\"ListItem\",\"position\":1,\"name\":\"In\u00edcio\",\"item\":\"https:\\\/\\\/point-f.ch\\\/pt-pt\\\/\"},{\"@type\":\"ListItem\",\"position\":2,\"name\":\"Dra. Lucie Zbinden\"}]},{\"@type\":\"WebSite\",\"@id\":\"https:\\\/\\\/point-f.ch\\\/pt-pt\\\/#website\",\"url\":\"https:\\\/\\\/point-f.ch\\\/pt-pt\\\/\",\"name\":\"Centre m\u00e9dical de la femme - point f - Fribourg\",\"description\":\"Centre m\u00e9dical de la femme\",\"publisher\":{\"@id\":\"https:\\\/\\\/point-f.ch\\\/pt-pt\\\/#organization\"},\"alternateName\":\"Centre m\u00e9dical de la femme - point f - Fribourg\",\"potentialAction\":[{\"@type\":\"SearchAction\",\"target\":{\"@type\":\"EntryPoint\",\"urlTemplate\":\"https:\\\/\\\/point-f.ch\\\/pt-pt\\\/?s={search_term_string}\"},\"query-input\":{\"@type\":\"PropertyValueSpecification\",\"valueRequired\":true,\"valueName\":\"search_term_string\"}}],\"inLanguage\":\"pt-PT\"},{\"@type\":\"Organization\",\"@id\":\"https:\\\/\\\/point-f.ch\\\/pt-pt\\\/#organization\",\"name\":\"Centre m\u00e9dical de la femme - point f - Fribourg\",\"alternateName\":\"point f - Centre m\u00e9dical de la femme - Fribourg\",\"url\":\"https:\\\/\\\/point-f.ch\\\/pt-pt\\\/\",\"logo\":{\"@type\":\"ImageObject\",\"inLanguage\":\"pt-PT\",\"@id\":\"https:\\\/\\\/point-f.ch\\\/pt-pt\\\/#\\\/schema\\\/logo\\\/image\\\/\",\"url\":\"https:\\\/\\\/point-f.ch\\\/wp-content\\\/uploads\\\/2023\\\/02\\\/favicon.png\",\"contentUrl\":\"https:\\\/\\\/point-f.ch\\\/wp-content\\\/uploads\\\/2023\\\/02\\\/favicon.png\",\"width\":512,\"height\":512,\"caption\":\"Centre m\u00e9dical de la femme - point f - Fribourg\"},\"image\":{\"@id\":\"https:\\\/\\\/point-f.ch\\\/pt-pt\\\/#\\\/schema\\\/logo\\\/image\\\/\"},\"sameAs\":[\"https:\\\/\\\/www.facebook.com\\\/profile.php?id=100090476978041\",\"https:\\\/\\\/www.instagram.com\\\/point_f_fribourg\\\/\",\"https:\\\/\\\/www.linkedin.com\\\/company\\\/point-f-centre-m\u00e9dical-de-la-femme\\\/about\\\/?viewAsMember=true\"]},{\"@type\":\"Person\",\"@id\":\"https:\\\/\\\/point-f.ch\\\/pt-pt\\\/#\\\/schema\\\/person\\\/279e1f7e9c2d3697cb0462003e51b090\",\"name\":\"Carole\",\"image\":{\"@type\":\"ImageObject\",\"inLanguage\":\"pt-PT\",\"@id\":\"https:\\\/\\\/secure.gravatar.com\\\/avatar\\\/c2126f7c3c15bd1ca403e8c1b405f9964834cc603b9d71a514cf7b675af81f49?s=96&d=mm&r=g\",\"url\":\"https:\\\/\\\/secure.gravatar.com\\\/avatar\\\/c2126f7c3c15bd1ca403e8c1b405f9964834cc603b9d71a514cf7b675af81f49?s=96&d=mm&r=g\",\"contentUrl\":\"https:\\\/\\\/secure.gravatar.com\\\/avatar\\\/c2126f7c3c15bd1ca403e8c1b405f9964834cc603b9d71a514cf7b675af81f49?s=96&d=mm&r=g\",\"caption\":\"Carole\"}}]}<\/script>\n<!-- \/ Yoast SEO plugin. -->","yoast_head_json":{"title":"Dra. Lucie Zbinden | point f","description":"Dra. Lucie Zbinden, m\u00e9dica ginecologista e obstetra no point f | Centro M\u00e9dico Feminino em Friburgo","robots":{"index":"index","follow":"follow","max-snippet":"max-snippet:-1","max-image-preview":"max-image-preview:large","max-video-preview":"max-video-preview:-1"},"canonical":"https:\/\/point-f.ch\/pt-pt\/dre-lucie-zbinden\/","og_locale":"pt_PT","og_type":"article","og_title":"Dra. Lucie Zbinden | point f","og_description":"Dra. Lucie Zbinden, m\u00e9dica ginecologista e obstetra no point f | Centro M\u00e9dico Feminino em Friburgo","og_url":"https:\/\/point-f.ch\/pt-pt\/dre-lucie-zbinden\/","og_site_name":"point f","article_publisher":"https:\/\/www.facebook.com\/profile.php?id=100090476978041","article_published_time":"2025-09-09T07:34:16+00:00","article_modified_time":"2026-02-13T11:09:15+00:00","og_image":[{"width":1024,"height":1024,"url":"https:\/\/point-f.ch\/wp-content\/uploads\/2026\/01\/Lucie.jpeg","type":"image\/jpeg"}],"author":"Carole","twitter_card":"summary_large_image","twitter_misc":{"Escrito por":"Carole"},"schema":{"@context":"https:\/\/schema.org","@graph":[{"@type":"Article","@id":"https:\/\/point-f.ch\/pt-pt\/dre-lucie-zbinden\/#article","isPartOf":{"@id":"https:\/\/point-f.ch\/pt-pt\/dre-lucie-zbinden\/"},"author":{"name":"Carole","@id":"https:\/\/point-f.ch\/pt-pt\/#\/schema\/person\/279e1f7e9c2d3697cb0462003e51b090"},"headline":"Dra. Lucie Zbinden","datePublished":"2025-09-09T07:34:16+00:00","dateModified":"2026-02-13T11:09:15+00:00","mainEntityOfPage":{"@id":"https:\/\/point-f.ch\/pt-pt\/dre-lucie-zbinden\/"},"wordCount":66,"publisher":{"@id":"https:\/\/point-f.ch\/pt-pt\/#organization"},"image":{"@id":"https:\/\/point-f.ch\/pt-pt\/dre-lucie-zbinden\/#primaryimage"},"thumbnailUrl":"https:\/\/point-f.ch\/wp-content\/uploads\/2026\/01\/Lucie.jpeg","articleSection":["Equipa","M\u00e9dicos"],"inLanguage":"pt-PT"},{"@type":"WebPage","@id":"https:\/\/point-f.ch\/pt-pt\/dre-lucie-zbinden\/","url":"https:\/\/point-f.ch\/pt-pt\/dre-lucie-zbinden\/","name":"Dra. Lucie Zbinden | point f","isPartOf":{"@id":"https:\/\/point-f.ch\/pt-pt\/#website"},"primaryImageOfPage":{"@id":"https:\/\/point-f.ch\/pt-pt\/dre-lucie-zbinden\/#primaryimage"},"image":{"@id":"https:\/\/point-f.ch\/pt-pt\/dre-lucie-zbinden\/#primaryimage"},"thumbnailUrl":"https:\/\/point-f.ch\/wp-content\/uploads\/2026\/01\/Lucie.jpeg","datePublished":"2025-09-09T07:34:16+00:00","dateModified":"2026-02-13T11:09:15+00:00","description":"Dra. Lucie Zbinden, m\u00e9dica ginecologista e obstetra no point f | Centro M\u00e9dico Feminino em Friburgo","breadcrumb":{"@id":"https:\/\/point-f.ch\/pt-pt\/dre-lucie-zbinden\/#breadcrumb"},"inLanguage":"pt-PT","potentialAction":[{"@type":"ReadAction","target":["https:\/\/point-f.ch\/pt-pt\/dre-lucie-zbinden\/"]}]},{"@type":"ImageObject","inLanguage":"pt-PT","@id":"https:\/\/point-f.ch\/pt-pt\/dre-lucie-zbinden\/#primaryimage","url":"https:\/\/point-f.ch\/wp-content\/uploads\/2026\/01\/Lucie.jpeg","contentUrl":"https:\/\/point-f.ch\/wp-content\/uploads\/2026\/01\/Lucie.jpeg","width":1024,"height":1024,"caption":"Dre Lucie Zbinden - point f - Fribourg"},{"@type":"BreadcrumbList","@id":"https:\/\/point-f.ch\/pt-pt\/dre-lucie-zbinden\/#breadcrumb","itemListElement":[{"@type":"ListItem","position":1,"name":"In\u00edcio","item":"https:\/\/point-f.ch\/pt-pt\/"},{"@type":"ListItem","position":2,"name":"Dra. Lucie Zbinden"}]},{"@type":"WebSite","@id":"https:\/\/point-f.ch\/pt-pt\/#website","url":"https:\/\/point-f.ch\/pt-pt\/","name":"Centre m\u00e9dical de la femme - point f - Fribourg","description":"Centre m\u00e9dical de la femme","publisher":{"@id":"https:\/\/point-f.ch\/pt-pt\/#organization"},"alternateName":"Centre m\u00e9dical de la femme - point f - Fribourg","potentialAction":[{"@type":"SearchAction","target":{"@type":"EntryPoint","urlTemplate":"https:\/\/point-f.ch\/pt-pt\/?s={search_term_string}"},"query-input":{"@type":"PropertyValueSpecification","valueRequired":true,"valueName":"search_term_string"}}],"inLanguage":"pt-PT"},{"@type":"Organization","@id":"https:\/\/point-f.ch\/pt-pt\/#organization","name":"Centre m\u00e9dical de la femme - point f - Fribourg","alternateName":"point f - Centre m\u00e9dical de la femme - Fribourg","url":"https:\/\/point-f.ch\/pt-pt\/","logo":{"@type":"ImageObject","inLanguage":"pt-PT","@id":"https:\/\/point-f.ch\/pt-pt\/#\/schema\/logo\/image\/","url":"https:\/\/point-f.ch\/wp-content\/uploads\/2023\/02\/favicon.png","contentUrl":"https:\/\/point-f.ch\/wp-content\/uploads\/2023\/02\/favicon.png","width":512,"height":512,"caption":"Centre m\u00e9dical de la femme - point f - Fribourg"},"image":{"@id":"https:\/\/point-f.ch\/pt-pt\/#\/schema\/logo\/image\/"},"sameAs":["https:\/\/www.facebook.com\/profile.php?id=100090476978041","https:\/\/www.instagram.com\/point_f_fribourg\/","https:\/\/www.linkedin.com\/company\/point-f-centre-m\u00e9dical-de-la-femme\/about\/?viewAsMember=true"]},{"@type":"Person","@id":"https:\/\/point-f.ch\/pt-pt\/#\/schema\/person\/279e1f7e9c2d3697cb0462003e51b090","name":"Carole","image":{"@type":"ImageObject","inLanguage":"pt-PT","@id":"https:\/\/secure.gravatar.com\/avatar\/c2126f7c3c15bd1ca403e8c1b405f9964834cc603b9d71a514cf7b675af81f49?s=96&d=mm&r=g","url":"https:\/\/secure.gravatar.com\/avatar\/c2126f7c3c15bd1ca403e8c1b405f9964834cc603b9d71a514cf7b675af81f49?s=96&d=mm&r=g","contentUrl":"https:\/\/secure.gravatar.com\/avatar\/c2126f7c3c15bd1ca403e8c1b405f9964834cc603b9d71a514cf7b675af81f49?s=96&d=mm&r=g","caption":"Carole"}}]}},"uagb_featured_image_src":{"full":["https:\/\/point-f.ch\/wp-content\/uploads\/2026\/01\/Lucie.jpeg",1024,1024,false],"thumbnail":["https:\/\/point-f.ch\/wp-content\/uploads\/2026\/01\/Lucie-150x150.jpeg",150,150,true],"medium":["https:\/\/point-f.ch\/wp-content\/uploads\/2026\/01\/Lucie-300x300.jpeg",300,300,true],"medium_large":["https:\/\/point-f.ch\/wp-content\/uploads\/2026\/01\/Lucie-768x768.jpeg",768,768,true],"large":["https:\/\/point-f.ch\/wp-content\/uploads\/2026\/01\/Lucie.jpeg",800,800,false],"1536x1536":["https:\/\/point-f.ch\/wp-content\/uploads\/2026\/01\/Lucie.jpeg",1024,1024,false],"2048x2048":["https:\/\/point-f.ch\/wp-content\/uploads\/2026\/01\/Lucie.jpeg",1024,1024,false]},"uagb_author_info":{"display_name":"Carole","author_link":"https:\/\/point-f.ch\/pt-pt\/author\/carolectouttoi-ch\/"},"uagb_comment_info":0,"uagb_excerpt":"Depois dos seus estudos nas universidades de Friburgo e Berna, a Doutora Lucie Zbinden realizou a sua forma\u00e7\u00e3o em Ginecologia e Obstetr\u00edcia entre Friburgo, Soleura e Berna. Com uma abordagem emp\u00e1tica e atenciosa, ela tem como objetivo acompanhar cada paciente em suas diferentes etapas da vida, aliando rigor m\u00e9dico e humanidade para responder da melhor&hellip;","_links":{"self":[{"href":"https:\/\/point-f.ch\/pt-pt\/wp-json\/wp\/v2\/posts\/6380","targetHints":{"allow":["GET"]}}],"collection":[{"href":"https:\/\/point-f.ch\/pt-pt\/wp-json\/wp\/v2\/posts"}],"about":[{"href":"https:\/\/point-f.ch\/pt-pt\/wp-json\/wp\/v2\/types\/post"}],"author":[{"embeddable":true,"href":"https:\/\/point-f.ch\/pt-pt\/wp-json\/wp\/v2\/users\/4"}],"replies":[{"embeddable":true,"href":"https:\/\/point-f.ch\/pt-pt\/wp-json\/wp\/v2\/comments?post=6380"}],"version-history":[{"count":1,"href":"https:\/\/point-f.ch\/pt-pt\/wp-json\/wp\/v2\/posts\/6380\/revisions"}],"predecessor-version":[{"id":6382,"href":"https:\/\/point-f.ch\/pt-pt\/wp-json\/wp\/v2\/posts\/6380\/revisions\/6382"}],"wp:featuredmedia":[{"embeddable":true,"href":"https:\/\/point-f.ch\/pt-pt\/wp-json\/wp\/v2\/media\/6836"}],"wp:attachment":[{"href":"https:\/\/point-f.ch\/pt-pt\/wp-json\/wp\/v2\/media?parent=6380"}],"wp:term":[{"taxonomy":"category","embeddable":true,"href":"https:\/\/point-f.ch\/pt-pt\/wp-json\/wp\/v2\/categories?post=6380"},{"taxonomy":"post_tag","embeddable":true,"href":"https:\/\/point-f.ch\/pt-pt\/wp-json\/wp\/v2\/tags?post=6380"}],"curies":[{"name":"wp","href":"https:\/\/api.w.org\/{rel}","templated":true}]}}